{"id":2810,"date":"2025-07-04T13:40:20","date_gmt":"2025-07-04T16:40:20","guid":{"rendered":"https:\/\/bw4tec.com.br\/?p=2810"},"modified":"2026-05-25T22:06:55","modified_gmt":"2026-05-26T01:06:55","slug":"intermach","status":"publish","type":"post","link":"https:\/\/bw360.com.br\/industria\/intermach\/","title":{"rendered":"Intermach 2025: O Futuro da Ind\u00fastria Metalmec\u00e2nica em Destaque em Joinville"},"content":{"rendered":"\n<p class=\"wp-block-paragraph\">A ind\u00fastria metalmec\u00e2nica brasileira se prepara para um dos eventos mais aguardados do ano: a 15\u00aa edi\u00e7\u00e3o da Intermach \u2013 Feira e Congresso Internacional de Tecnologia, M\u00e1quinas, Equipamentos, Automa\u00e7\u00e3o e Servi\u00e7os para a Ind\u00fastria Metalmec\u00e2nica. Consolidada como o principal encontro do setor na regi\u00e3o Sul do Brasil, a Intermach 2025 promete ser um marco na acelera\u00e7\u00e3o do crescimento e da inova\u00e7\u00e3o industrial em um mercado cada vez mais competitivo.<\/p>\n\n\n\n<p class=\"wp-block-paragraph\">Com 25 anos de experi\u00eancia e um hist\u00f3rico de sucesso, a Intermach \u00e9 a plataforma ideal para conectar lideran\u00e7as, investidores e profissionais em busca das mais recentes tecnologias e solu\u00e7\u00f5es para a manufatura. O evento ocorrer\u00e1 de 15 a 18 de julho de 2025, das 13h \u00e0s 20h, no moderno centro de eventos da Expoville, em Joinville, Santa Catarina.<\/p>\n\n\n\n<h2 class=\"wp-block-heading\">Inova\u00e7\u00e3o e Tecnologia no Centro do Palco da Intermach<\/h2>\n\n\n\n<p class=\"wp-block-paragraph\">O tema central desta edi\u00e7\u00e3o \u00e9 a acelera\u00e7\u00e3o da inova\u00e7\u00e3o e do crescimento industrial, com um forte foco na automa\u00e7\u00e3o industrial e nas transforma\u00e7\u00f5es impulsionadas pela tecnologia. A feira ser\u00e1 um verdadeiro laborat\u00f3rio de tend\u00eancias, abordando conceitos cruciais como Ind\u00fastria 4.0, Internet das Coisas (IoT), economia circular, intelig\u00eancia artificial e a digitaliza\u00e7\u00e3o de processos.<\/p>\n\n\n\n<p class=\"wp-block-paragraph\">Os visitantes ter\u00e3o a oportunidade de explorar um universo de solu\u00e7\u00f5es apresentadas por mais de 300 empresas expositoras. S\u00e3o esperados mais de 100 lan\u00e7amentos e mais de 1000 produtos em exposi\u00e7\u00e3o, abrangendo \u00e1reas vitais como:<\/p>\n\n\n\n<ul class=\"wp-block-list\">\n<li>Automa\u00e7\u00e3o Industrial e Controle de Processo<\/li>\n\n\n\n<li>Metrologia Dimensional e de Forma<\/li>\n\n\n\n<li>M\u00e1quinas-Ferramenta e Perif\u00e9ricos<\/li>\n\n\n\n<li>Equipamentos de Soldagem<\/li>\n\n\n\n<li>Digitaliza\u00e7\u00e3o e Prototipagem<\/li>\n\n\n\n<li>Software (CAD\/CAM\/CAE\/Industrial)<\/li>\n<\/ul>\n\n\n\n<h2 class=\"wp-block-heading\">Intermach: Setores em exposi\u00e7\u00e3o na feira<\/h2>\n\n\n\n<p class=\"wp-block-paragraph\">Al\u00e9m da vasta \u00e1rea de exposi\u00e7\u00e3o, a Intermach se destaca por sua rica programa\u00e7\u00e3o de conte\u00fado, projetada para aprimorar o conhecimento e fomentar o debate entre os profissionais do setor. Entre os pontos altos, destacam-se:<\/p>\n\n\n\n<ul class=\"wp-block-list\">\n<li>Automa\u00e7\u00e3o Industrial e Controle de Processos<\/li>\n\n\n\n<li>Metrologia Dimensional e de Forma<\/li>\n\n\n\n<li>Bancos, Associa\u00e7\u00f5es e Publica\u00e7\u00f5es T\u00e9cnicas<\/li>\n\n\n\n<li>Equipamentos para Movimenta\u00e7\u00e3o e Armazenagem<\/li>\n\n\n\n<li>Ferramentas de Corte<\/li>\n\n\n\n<li>Tratamento T\u00e9rmico<\/li>\n\n\n\n<li>Motores, Acoplamentos, Redutores e Engrenagens<\/li>\n\n\n\n<li>M\u00e1quinas-ferramenta e Perif\u00e9ricos<\/li>\n\n\n\n<li>Mat\u00e9rias-primas (A\u00e7os e N\u00e3o ferrosos)<\/li>\n\n\n\n<li>Servi\u00e7os Espec\u00edficos para a Ind\u00fastria Metalmec\u00e2nica<\/li>\n\n\n\n<li>Software (CAD\/CAM\/CAE\/Industrial)<\/li>\n\n\n\n<li>Equipamentos de Soldagem<\/li>\n\n\n\n<li>V\u00e1lvulas, Bombas e Equipamentos Hidr\u00e1ulicos<\/li>\n\n\n\n<li>Compressores e Equipamentos Pneum\u00e1ticos<\/li>\n\n\n\n<li>Digitaliza\u00e7\u00e3o e Prototipagem<\/li>\n\n\n\n<li>Corte e Conforma\u00e7\u00e3o de Metais<\/li>\n\n\n\n<li>M\u00e1quinas e Equipamentos para Pintura Industrial<\/li>\n\n\n\n<li>Seguran\u00e7a do Trabalho e EPI\u00b4s<\/li>\n\n\n\n<li>Moldes e Ferramentais<\/li>\n\n\n\n<li>Equipamentos e Servi\u00e7os para Efici\u00eancia Energ\u00e9tica<\/li>\n\n\n\n<li>Equipamentos e Sistemas de Filtragem Industrial<\/li>\n<\/ul>\n\n\n\n<p class=\"wp-block-paragraph\">A Intermach n\u00e3o \u00e9 apenas uma feira, mas um hub de networking e gera\u00e7\u00e3o de neg\u00f3cios, atraindo aproximadamente 22 mil visitantes de 13 estados. O ambiente \u00e9 prop\u00edcio para a troca de experi\u00eancias e a constru\u00e7\u00e3o de parcerias estrat\u00e9gicas.<\/p>\n\n\n\n<h2 class=\"wp-block-heading\">Servi\u00e7o Intermach 2025<\/h2>\n\n\n\n<ul class=\"wp-block-list\">\n<li><strong>Data:<\/strong> 15 a 18 de julho de 2025.<\/li>\n\n\n\n<li><strong>Hor\u00e1rio:<\/strong> de ter\u00e7a a sexta-feira das 13h \u00e0s 20h.<\/li>\n\n\n\n<li><strong>Local:<\/strong> <a href=\"https:\/\/maps.app.goo.gl\/j4YAYzCsxH4VohwX7\" target=\"_blank\" rel=\"noreferrer noopener nofollow\">Expoville<\/a> \u2013 Rua XV de Novembro, 4315 \u2013 Gl\u00f3ria, Joinville (SC).<\/li>\n\n\n\n<li><strong>Credenciamento: <\/strong>diretamente no site da feira <a href=\"https:\/\/intermach.com.br\/quero-expor\/\" target=\"_blank\" rel=\"noreferrer noopener nofollow\">Expositor<\/a> | Visitante<\/li>\n<\/ul>\n","protected":false},"excerpt":{"rendered":"<p>A ind\u00fastria metalmec\u00e2nica brasileira se prepara para um dos eventos mais aguardados do ano: a 15\u00aa edi\u00e7\u00e3o da Intermach \u2013 Feira e Congresso Internacional de Tecnologia, M\u00e1quinas, Equipamentos, Automa\u00e7\u00e3o e Servi\u00e7os para a Ind\u00fastria Metalmec\u00e2nica. Consolidada como o principal encontro do setor na regi\u00e3o Sul do Brasil, a Intermach 2025 promete ser um marco na [&hellip;]<\/p>\n","protected":false},"author":1,"featured_media":2816,"comment_status":"closed","ping_status":"closed","sticky":false,"template":"","format":"standard","meta":{"footnotes":""},"categories":[162],"tags":[165,163,164],"class_list":["post-2810","post","type-post","status-publish","format-standard","has-post-thumbnail","hentry","category-eventos","tag-feira-de-maquinas","tag-intermach-2050","tag-intermach-joinville","entry","has-media"],"_links":{"self":[{"href":"https:\/\/bw360.com.br\/industria\/wp-json\/wp\/v2\/posts\/2810","targetHints":{"allow":["GET"]}}],"collection":[{"href":"https:\/\/bw360.com.br\/industria\/wp-json\/wp\/v2\/posts"}],"about":[{"href":"https:\/\/bw360.com.br\/industria\/wp-json\/wp\/v2\/types\/post"}],"author":[{"embeddable":true,"href":"https:\/\/bw360.com.br\/industria\/wp-json\/wp\/v2\/users\/1"}],"replies":[{"embeddable":true,"href":"https:\/\/bw360.com.br\/industria\/wp-json\/wp\/v2\/comments?post=2810"}],"version-history":[{"count":4,"href":"https:\/\/bw360.com.br\/industria\/wp-json\/wp\/v2\/posts\/2810\/revisions"}],"predecessor-version":[{"id":2868,"href":"https:\/\/bw360.com.br\/industria\/wp-json\/wp\/v2\/posts\/2810\/revisions\/2868"}],"wp:featuredmedia":[{"embeddable":true,"href":"https:\/\/bw360.com.br\/industria\/wp-json\/wp\/v2\/media\/2816"}],"wp:attachment":[{"href":"https:\/\/bw360.com.br\/industria\/wp-json\/wp\/v2\/media?parent=2810"}],"wp:term":[{"taxonomy":"category","embeddable":true,"href":"https:\/\/bw360.com.br\/industria\/wp-json\/wp\/v2\/categories?post=2810"},{"taxonomy":"post_tag","embeddable":true,"href":"https:\/\/bw360.com.br\/industria\/wp-json\/wp\/v2\/tags?post=2810"}],"curies":[{"name":"wp","href":"https:\/\/api.w.org\/{rel}","templated":true}]}}