{"id":1582,"date":"2026-04-14T17:36:53","date_gmt":"2026-04-14T20:36:53","guid":{"rendered":"http:\/\/newsite.local\/?p=1582"},"modified":"2026-07-23T22:29:01","modified_gmt":"2026-07-24T01:29:01","slug":"escolas-bilingues-em-santo-andre","status":"publish","type":"post","link":"https:\/\/bw360.com.br\/educacao\/escolas-bilingues-em-santo-andre\/","title":{"rendered":"Guia das Escolas Bil\u00edngues em Santo Andr\u00e9 (2026): An\u00e1lise de Especialista e Lista por Bairro"},"content":{"rendered":"\n<h2 class=\"wp-block-heading\">Como escolher a melhor escola bil\u00edngue em Santo Andr\u00e9?<\/h2>\n\n\n\n<p class=\"wp-block-paragraph\">A escolha de uma <a href=\"https:\/\/bw360.com.br\/educacao\/guia-das-escolas-particulares-de-santo-andre\/\" data-type=\"page\" data-id=\"539\">escola<\/a> bil\u00edngue envolve diferentes fatores, que variam conforme o projeto de vida da fam\u00edlia e a proposta pedag\u00f3gica de cada institui\u00e7\u00e3o. Entre os aspectos que podem ser considerados est\u00e3o:<\/p>\n\n\n\n<ul class=\"wp-block-list\">\n<li><strong>N\u00edvel de Imers\u00e3o no idioma:<\/strong> carga hor\u00e1ria e disciplinas oferecidas em ingl\u00eas.<\/li>\n\n\n\n<li><strong>Prepara\u00e7\u00e3o para exames de profici\u00eancia: <\/strong>exist\u00eancia de certifica\u00e7\u00f5es internacionais (ex: Cambridge).<\/li>\n\n\n\n<li><strong>Foco acad\u00eamico para vestibulares: <\/strong>especialmente para carreiras competitivas como medicina e engenharia.<\/li>\n<\/ul>\n\n\n\n<p class=\"wp-block-paragraph\">Al\u00e9m disso, \u00e9 recomendado visitar as unidades, conversar com a equipe pedag\u00f3gica e, se poss\u00edvel, obter feedback de outras fam\u00edlias.<\/p>\n\n\n\n<h2 class=\"wp-block-heading\">Entrevista com especialista: o que avaliar antes de matricular?<\/h2>\n\n\n\n<figure class=\"wp-block-image aligncenter size-large has-custom-border\"><img fetchpriority=\"high\" decoding=\"async\" width=\"1024\" height=\"439\" src=\"https:\/\/bw360.com.br\/educacao\/wp-content\/uploads\/2026\/04\/marcos-antonio-dias-gomes-1024x439.webp\" alt=\"marcos antonio dias gomes psicopedagogo - escolas b\u00edlingue\" class=\"wp-image-2435\" style=\"border-top-left-radius:20px;border-top-right-radius:20px;border-bottom-left-radius:20px;border-bottom-right-radius:20px\" srcset=\"https:\/\/bw360.com.br\/educacao\/wp-content\/uploads\/2026\/04\/marcos-antonio-dias-gomes-1024x439.webp 1024w, https:\/\/bw360.com.br\/educacao\/wp-content\/uploads\/2026\/04\/marcos-antonio-dias-gomes-300x129.webp 300w, https:\/\/bw360.com.br\/educacao\/wp-content\/uploads\/2026\/04\/marcos-antonio-dias-gomes-768x329.webp 768w, https:\/\/bw360.com.br\/educacao\/wp-content\/uploads\/2026\/04\/marcos-antonio-dias-gomes-1536x658.webp 1536w, https:\/\/bw360.com.br\/educacao\/wp-content\/uploads\/2026\/04\/marcos-antonio-dias-gomes.webp 1920w\" sizes=\"(max-width: 1024px) 100vw, 1024px\" \/><figcaption class=\"wp-element-caption\">&#8220;Qualquer local preparado e acolhedor facilita o processo de aprendizado&#8221;<\/figcaption><\/figure>\n\n\n\n<p class=\"wp-block-paragraph\">Conversamos com o psicopedagogo <strong>Marcos Ant\u00f4nio Dias Gomes<\/strong> (especialista pela Universidade Anhanguera) para entender melhor o impacto do bilinguismo na rotina das fam\u00edlias de Santo Andr\u00e9.<\/p>\n\n\n\n<h3 class=\"wp-block-heading\">Reda\u00e7\u00e3o BW360: Quais crit\u00e9rios t\u00e9cnicos os pais podem observar ao visitar uma escola bil\u00edngue?<\/h3>\n\n\n\n<p class=\"wp-block-paragraph\"><strong>Marcos Ant\u00f4nio Dias Gomes<\/strong>: Acredito que, mais do que o crit\u00e9rio t\u00e9cnico, \u00e9 verificar como se d\u00e1 este processo de aprendizagem. Todavia, verificar o material did\u00e1tico utilizado, as parcerias que esta escola possui e se o material \u00e9 poss\u00edvel de ser adaptado j\u00e1 \u00e9 um bom caminho.<\/p>\n\n\n\n<h3 class=\"wp-block-heading\">Reda\u00e7\u00e3o BW360: Na experi\u00eancia do senhor, o que diferencia uma escola bil\u00edngue bem estruturada de uma que ainda est\u00e1 se adaptando ao modelo?<\/h3>\n\n\n\n<p class=\"wp-block-paragraph\"><strong>Marcos Ant\u00f4nio Dias Gomes<\/strong>: Principalmente o material que \u00e9 utilizado e a parceria externa. Parcerias n\u00e3o acontecem por acaso; t\u00eam sempre um nome, uma marca a zelar. Quanto mais s\u00f3lida for a parceria, mais forte ser\u00e1 esta estrutura. Mesmo para aquelas que est\u00e3o adentrando neste cen\u00e1rio, h\u00e1 necessidade de procurar uma parceria que ajude a sedimentar as bases para o sucesso.<\/p>\n\n\n\n<h3 class=\"wp-block-heading\">Reda\u00e7\u00e3o BW360: Como os pais podem identificar se o projeto bil\u00edngue de uma escola \u00e9 consolidado ou recente?<\/h3>\n\n\n\n<p class=\"wp-block-paragraph\"><strong>Marcos Ant\u00f4nio Dias Gomes<\/strong>: Pesquisar antes, tanto a escola quanto os parceiros, e verificar seus hist\u00f3ricos.<\/p>\n\n\n\n<h2 class=\"wp-block-heading\">Sobre adapta\u00e7\u00e3o da crian\u00e7a<\/h2>\n\n\n\n<h3 class=\"wp-block-heading\">Reda\u00e7\u00e3o BW360: Quais sinais indicam que uma crian\u00e7a est\u00e1 se adaptando bem ao ambiente bil\u00edngue e quais indicam dificuldade?<\/h3>\n\n\n\n<p class=\"wp-block-paragraph\"><strong>Marcos Ant\u00f4nio Dias Gomes<\/strong>: Cabe aqui observar principalmente o quanto a crian\u00e7a est\u00e1 gostando, se aquele aprendizado est\u00e1 deixando-a feliz ou n\u00e3o, se est\u00e1 sendo significativo. A observa\u00e7\u00e3o e conversa s\u00e3o de suma import\u00e2ncia, pois, quando \u00e9 aprendido com naturalidade, n\u00e3o h\u00e1 obje\u00e7\u00f5es. Olhar o quanto a crian\u00e7a est\u00e1 feliz \u00e9 um excelente term\u00f4metro.<\/p>\n\n\n\n<h3 class=\"wp-block-heading\">Reda\u00e7\u00e3o BW360: Existe idade ideal para ingresso em escola bil\u00edngue, ou depende do perfil da crian\u00e7a?<\/h3>\n\n\n\n<p class=\"wp-block-paragraph\"><strong>Marcos Ant\u00f4nio Dias Gomes<\/strong>: Depende, principalmente, do suporte apresentado pela escola. Aprendemos a l\u00edngua materna antes mesmo de ler e escrever, pois faz parte do nosso dia a dia. Uma l\u00edngua estrangeira \u00e9 algo que necessitar\u00e1 de um esfor\u00e7o maior, e \u00e9 a\u00ed que entra a metodologia da escola, que dever\u00e1 observar o educando e propiciar condi\u00e7\u00f5es para o seu aprendizado.<\/p>\n\n\n\n<h2 class=\"wp-block-heading\">Sobre log\u00edstica e rotina<\/h2>\n\n\n\n<h3 class=\"wp-block-heading\">Reda\u00e7\u00e3o BW360: Como a estrutura f\u00edsica da escola impacta a rotina di\u00e1ria do aluno?<\/h3>\n\n\n\n<p class=\"wp-block-paragraph\"><strong>Marcos Ant\u00f4nio Dias Gomes<\/strong>: Todo e qualquer local preparado e acolhedor facilita o processo de aprendizado. Isso n\u00e3o quer dizer que \u00e9 um espa\u00e7o imut\u00e1vel, pelo contr\u00e1rio, pois a escola \u00e9 um espa\u00e7o vivo, que acompanha as mudan\u00e7as.<\/p>\n\n\n\n<h3 class=\"wp-block-heading\">Reda\u00e7\u00e3o BW360: Que aspectos log\u00edsticos os pais subestimam na hora da escolha?<\/h3>\n\n\n\n<p class=\"wp-block-paragraph\"><strong>Marcos Ant\u00f4nio Dias Gomes<\/strong>: Aqui cabe ressaltar dois pontos cruciais: os hor\u00e1rios, tanto de entrada e sa\u00edda, bem como os <a href=\"https:\/\/bw360.com.br\/educacao\/van-transporte-escolar-em-santo-andre\/\" data-type=\"page\" data-id=\"1200\">locais de embarque e desembarque<\/a>. Parece que n\u00e3o, mas como estamos sempre &#8220;correndo contra o tempo&#8221;, qualquer atraso numa entrada, numa sa\u00edda de escola pode causar &#8220;preju\u00edzos&#8221; em nossa rotina.<\/p>\n\n\n\n<h3 class=\"wp-block-heading\">Reda\u00e7\u00e3o BW360: Como avaliar se a localiza\u00e7\u00e3o da escola \u00e9 compat\u00edvel com a rotina familiar a longo prazo?<\/h3>\n\n\n\n<p class=\"wp-block-paragraph\"><strong>Marcos Ant\u00f4nio Dias Gomes<\/strong>: Verificar as facilidades e dificuldades para levar e buscar as crian\u00e7as nos hor\u00e1rios estabelecidos. \u00c9 caminho? Consigo chegar nos hor\u00e1rios? Se eu n\u00e3o conseguir ir buscar e solicitar a minha rede de apoio, \u00e9 f\u00e1cil de chegar? S\u00e3o perguntas que devem ser feitas e analisadas para favorecer a escolha.<\/p>\n\n\n\n<h3 class=\"wp-block-heading\">Reda\u00e7\u00e3o BW360: Como a Base Nacional Comum Curricular (BNCC) se integra a um curr\u00edculo bil\u00edngue?<\/h3>\n\n\n\n<p class=\"wp-block-paragraph\"><strong>Marcos Ant\u00f4nio Dias Gomes<\/strong>: A proposta de educa\u00e7\u00e3o bil\u00edngue est\u00e1 alinhada \u00e0 BNCC, ampliando e aprofundando compet\u00eancias como comunica\u00e7\u00e3o, repert\u00f3rio cultural, pensamento cr\u00edtico e cultura digital. O ensino bil\u00edngue n\u00e3o substitui o curr\u00edculo da BNCC, mas o complementa, proporcionando viv\u00eancias lingu\u00edsticas ampliadas, contato com diversas culturas e valoriza\u00e7\u00e3o dos multiletramentos, essenciais \u00e0 forma\u00e7\u00e3o integral. Assim, ao promover o aprendizado em duas l\u00ednguas, a escola potencializa a flexibilidade cognitiva, a consci\u00eancia intercultural e as habilidades comunicativas dos alunos, preparando-os para atuar com compet\u00eancia e senso cr\u00edtico em uma sociedade global e diversificada.<br><\/p>\n\n\n\n<h2 class=\"wp-block-heading\">Escolas bil\u00edngues em Santo Andr\u00e9?<\/h2>\n\n\n\n<p class=\"wp-block-paragraph\">Em <a href=\"https:\/\/bw360.com.br\/educacao\/santo-andre\/\">Santo Andr\u00e9<\/a>, h\u00e1 <strong>escolas bil\u00edngues<\/strong> com diferentes propostas pedag\u00f3gicas. Algumas adotam curr\u00edculos estrangeiros (como canadense ou americano) com imers\u00e3o total no idioma. Outras combinam a Base Nacional Comum Curricular (BNCC) com programas de ensino estendido e <strong>certifica\u00e7\u00f5es internacionais de profici\u00eancia<\/strong>, como as de Cambridge. A lista abaixo inclui algumas dessas institui\u00e7\u00f5es, com base em informa\u00e7\u00f5es p\u00fablicas.<\/p>\n\n\n\n<h3 class=\"wp-block-heading\">Col\u00e9gio VespeR (Santo Andr\u00e9)<\/h3>\n\n\n\n<p class=\"wp-block-paragraph\">O Col\u00e9gio VespeR \u00e9 uma institui\u00e7\u00e3o tradicional em Santo Andr\u00e9 que aplica a metodologia da Psicogen\u00e9tica em toda sua proposta pedag\u00f3gica. A escola oferece ensino bil\u00edngue com ingl\u00eas e alem\u00e3o, diferenciando-se no mercado local pela oferta do idioma germ\u00e2nico desde a Educa\u00e7\u00e3o Infantil. O ambiente escolar \u00e9 projetado para remeter \u00e0 natureza, com espa\u00e7os l\u00fadicos e acolhedores onde as crian\u00e7as interagem com elementos naturais no dia a dia.<\/p>\n\n\n\n<ul class=\"wp-block-list\">\n<li><strong>Foco Metodol\u00f3gico:<\/strong> Psicogen\u00e9tica e Desenvolvimento Integral com Bilinguismo (Ingl\u00eas e Alem\u00e3o).<\/li>\n\n\n\n<li><strong>P\u00fablico-alvo:<\/strong> da Educa\u00e7\u00e3o Infantil ao Ensino M\u00e9dio.<\/li>\n\n\n\n<li><strong>Diferencial Estrat\u00e9gico: <\/strong>A Educa\u00e7\u00e3o Infantil tem como coluna vertebral as atividades corporais e sensoriais (jud\u00f4, dan\u00e7a, piscina, dramatiza\u00e7\u00e3o), com apostilas baseadas em psicogen\u00e9tica. O ambiente funciona como um &#8220;grande quintal&#8221;, onde as crian\u00e7as apreciam aves, flores e frutas durante a rotina escolar.<\/li>\n\n\n\n<li><strong>Por que considerar em 2026? <\/strong>A escola consolidou um Ensino M\u00e9dio com foco interdisciplinar e prepara\u00e7\u00e3o para o ENEM\/vestibular, formando alunos conectados \u00e0 tecnologia e com pensamento cr\u00edtico. A oferta de alem\u00e3o \u00e9 um diferencial estrat\u00e9gico para fam\u00edlias que visam oportunidades acad\u00eamicas ou profissionais na Europa.<\/li>\n<\/ul>\n\n\n\n<h4 class=\"wp-block-heading\">Contato Col\u00e9gio V\u00e9speR<\/h4>\n\n\n\n<ul class=\"wp-block-list\">\n<li><strong>Telefone:<\/strong> <a href=\"tel:1144363057\" target=\"_blank\" rel=\"noreferrer noopener nofollow\">(11) 4436-3057<\/a><\/li>\n\n\n\n<li><strong>Site: <\/strong><a href=\"https:\/\/vesper.org.br\/santo-andre\/\" target=\"_blank\" rel=\"noreferrer noopener\">https:\/\/vesper.org.br\/santo-andre\/<\/a><\/li>\n\n\n\n<li><strong>Como chegar:<\/strong> <a href=\"https:\/\/maps.app.goo.gl\/YZAz28ULxVfPnBVv9\" target=\"_blank\" rel=\"noreferrer noopener nofollow\">R. Santo Andr\u00e9, 627 &#8211; Vila Assun\u00e7\u00e3o, Santo Andr\u00e9 &#8211; SP<\/a><\/li>\n<\/ul>\n\n\n\n<h3 class=\"wp-block-heading\">Maple Bear Santo Andr\u00e9 (Unidade Campestre)<\/h3>\n\n\n\n<p class=\"wp-block-paragraph\">A Maple Bear em Santo Andr\u00e9 \u00e9 uma escola que aplica a metodologia canadense. Possui a certifica\u00e7\u00e3o Quality Assurance (QA), um programa de certifica\u00e7\u00e3o que funciona como um sistema de garantia de qualidade, composto por auditorias e avalia\u00e7\u00f5es regulares, para assegurar que todas as unidades da rede ao redor do mundo sigam corretamente a metodologia de ensino canadense, com o objetivo de apoiar a alfabetiza\u00e7\u00e3o simult\u00e2nea.<\/p>\n\n\n\n<ul class=\"wp-block-list\">\n<li><strong>Foco Metodol\u00f3gico:<\/strong> Imers\u00e3o Canadense e Bilinguismo Genu\u00edno.<\/li>\n\n\n\n<li><strong>P\u00fablico-alvo: <\/strong>da Educa\u00e7\u00e3o Infantil (Toddler) ao Ensino M\u00e9dio.<\/li>\n\n\n\n<li><strong>Diferencial Estrat\u00e9gico: <\/strong>A unidade Campestre oferece infraestrutura projetada para o aprendizado ativo, com foco no desenvolvimento da autonomia e do pensamento cr\u00edtico.<\/li>\n\n\n\n<li><strong>Por que considerar em 2026? <\/strong>A escola consolidou seu Ensino M\u00e9dio com foco em carreiras globais, podendo ser uma op\u00e7\u00e3o para pais que planejam gradua\u00e7\u00f5es no exterior para os filhos.<\/li>\n<\/ul>\n\n\n\n<p class=\"wp-block-paragraph\"><strong>A unidade fica pr\u00f3xima a:<\/strong><\/p>\n\n\n\n<ul class=\"wp-block-list\">\n<li>Rua Guilherme Marconi<\/li>\n\n\n\n<li>Rua Cel. Ortiz<\/li>\n\n\n\n<li>Rua Cel. Alfredo Flaquer<\/li>\n<\/ul>\n\n\n\n<p class=\"wp-block-paragraph\">Essa posi\u00e7\u00e3o oferece f\u00e1cil acesso para moradores do Centro, Bairro Campestre, Vila Guiomar e Parque das Na\u00e7\u00f5es, mantendo a proximidade com o polo comercial da cidade.<\/p>\n\n\n\n<h4 class=\"wp-block-heading\">Contato Maple Bear<\/h4>\n\n\n\n<ul class=\"wp-block-list\">\n<li><strong>Telefone: <\/strong><a href=\"tel:1121575757\" target=\"_blank\" rel=\"noreferrer noopener nofollow\">(11) 2157-5757<\/a><\/li>\n\n\n\n<li><strong>Site:<\/strong> <a href=\"https:\/\/santoandre.maplebear.com.br\/\" target=\"_blank\" rel=\"noreferrer noopener\">https:\/\/santoandre.maplebear.com.br\/<\/a><\/li>\n\n\n\n<li><strong>Como chegar: <\/strong><a href=\"https:\/\/maps.app.goo.gl\/yz9xXmoKLftMiEgW8\" target=\"_blank\" rel=\"noreferrer noopener nofollow\">Rua Jaguar\u00e1, 269 &#8211; Campestre &#8211; Santo Andr\u00e9 &#8211; SP<\/a><\/li>\n<\/ul>\n\n\n\n<p class=\"wp-block-paragraph\"><strong>A unidade fica pr\u00f3xima a:<\/strong><\/p>\n\n\n\n<ul class=\"wp-block-list\">\n<li>Avenida Dom Pedro II<\/li>\n\n\n\n<li>Rua das Figueiras<\/li>\n\n\n\n<li>Avenida Prestes Maia<\/li>\n<\/ul>\n\n\n\n<p class=\"wp-block-paragraph\">A localiza\u00e7\u00e3o oferece f\u00e1cil acesso para pais que residem no Centro, Vila Bastos ou Vila Alizira.<\/p>\n\n\n\n<h3 class=\"wp-block-heading\">Cycle International School<\/h3>\n\n\n\n<p class=\"wp-block-paragraph\">A Cycle International School foi uma das primeiras institui\u00e7\u00f5es do ABC Paulista a implementar o bilinguismo como pilar central do curr\u00edculo, e n\u00e3o apenas como disciplina isolada. Sua metodologia prioriza a <strong>pr\u00e1tica cont\u00ednua da l\u00edngua inglesa<\/strong>, com \u00eanfase no desenvolvimento de habilidades socioemocionais, tomadas de decis\u00f5es e na estrutura desenvolvida para estimular a curiosidade e o aprendizado.<\/p>\n\n\n\n<p class=\"wp-block-paragraph\"><strong>A escola conta com reconhecimento ou parceria de:<\/strong><\/p>\n\n\n\n<ul class=\"wp-block-list\">\n<li>Cambridge International Education<\/li>\n\n\n\n<li>OEBi Organiza\u00e7\u00e3o das Escolas Bilingues<\/li>\n\n\n\n<li>UNESCO (Membro das escolas associadas)<\/li>\n\n\n\n<li>Google for Education<\/li>\n<\/ul>\n\n\n\n<ul class=\"wp-block-list\">\n<li><strong>Foco Metodol\u00f3gico: <\/strong>Aprendizagem natural e metodologia ativa.<\/li>\n\n\n\n<li><strong>P\u00fablico-alvo:<\/strong> Ber\u00e7\u00e1rio (a partir de 4 meses), Educa\u00e7\u00e3o Infantil e Ensino Fundamental I e II.<\/li>\n\n\n\n<li><strong>Diferencial Estrat\u00e9gico: <\/strong>A proposta busca equilibrar o rigor do ensino bil\u00edngue com o bem-estar emocional do aluno, podeno ser adequada a fam\u00edlias que valorizam essa integra\u00e7\u00e3o.<\/li>\n\n\n\n<li><strong>Por que considerar em 2026? <\/strong>A escola expandiu seu Ensino Fundamental com novos laborat\u00f3rios e projetos de rob\u00f3tica, consolidando uma estrutura que une tecnologia \u00e0s necessidades dos estudantes.<\/li>\n<\/ul>\n\n\n\n<h4 class=\"wp-block-heading\">Contato Cycle International School<\/h4>\n\n\n\n<ul class=\"wp-block-list\">\n<li><strong>Telefone:<\/strong> <a href=\"tel:1144369695\" target=\"_blank\" rel=\"noreferrer noopener nofollow\">(11) 4436-9695<\/a><\/li>\n\n\n\n<li><strong>Site:<\/strong> <a href=\"https:\/\/cycleinternationalschool.com.br\/\" target=\"_blank\" rel=\"noreferrer noopener\">https:\/\/cycleinternationalschool.com.br\/<\/a><\/li>\n\n\n\n<li><strong>Atendimento:<\/strong> Segunda a sexta: 7h \u00e0s 19h &#8211; s\u00e1bado: Sob agendamento.<\/li>\n\n\n\n<li><strong>Como Chegar:<\/strong> <a href=\"https:\/\/maps.app.goo.gl\/tJH1JeYGz8pv53gKA\" target=\"_blank\" rel=\"noreferrer noopener nofollow\">Rua das Palmeiras, 308 &#8211; Bairro Jardim &#8211; Santo Andr\u00e9 &#8211; SP<\/a><\/li>\n<\/ul>\n\n\n\n<p class=\"wp-block-paragraph\"><strong>A unidade est\u00e1 localizada pr\u00f3xima aos principais eixos de conex\u00e3o de Santo Andr\u00e9:<\/strong><\/p>\n\n\n\n<ul class=\"wp-block-list\">\n<li>Rua Figueiras<\/li>\n\n\n\n<li>Av. Dom Pedro II<\/li>\n\n\n\n<li>Avenida Prestes Maia,<\/li>\n<\/ul>\n\n\n\n<p class=\"wp-block-paragraph\">Essa posi\u00e7\u00e3o oferece f\u00e1cil acesso para moradores do Centro, Bairro Campestre, Vila Guiomar e Parque das Na\u00e7\u00f5es, mantendo a proximidade com o polo comercial da cidade.<\/p>\n\n\n\n<h2 class=\"wp-block-heading\">Red House International School (Unidade Santo Andr\u00e9)<\/h2>\n\n\n\n<p class=\"wp-block-paragraph\">A Red House busca oferecer ambientes que incentivam a aprendizagem, a conviv\u00eancia e o desenvolvimento integral dos alunos. A escola possui o <strong>programa Exploratory Journey<\/strong>, cujo objetivo \u00e9 promover experi\u00eancias e estudos multidisciplinares por meio de viagens nacionais e internacionais. Na escola, o ingl\u00eas n\u00e3o \u00e9 tratado apenas como uma mat\u00e9ria, mas como a l\u00edngua principal de instru\u00e7\u00e3o e conviv\u00eancia.<\/p>\n\n\n\n<p class=\"wp-block-paragraph\"><strong>A Red House conta com:<\/strong><\/p>\n\n\n\n<ul class=\"wp-block-list\">\n<li>Escola autorizada IB (International Baccalaureate)<\/li>\n\n\n\n<li>Metodologia bil\u00edngue pr\u00f3pria<\/li>\n\n\n\n<li>Curr\u00edculo alinhado ao BNCC<\/li>\n<\/ul>\n\n\n\n<ul class=\"wp-block-list\">\n<li><strong>Foco Metodol\u00f3gico:<\/strong> Curr\u00edculo internacional e metodologia pr\u00f3pria.<\/li>\n\n\n\n<li><strong>P\u00fablico-alvo: <\/strong>da Educa\u00e7\u00e3o Infantil (Toddler) ao Ensino Fundamental II (com expans\u00e3o progressiva).<\/li>\n\n\n\n<li><strong>Diferencial Estrat\u00e9gico:<\/strong> A proposta oferece uma imers\u00e3o cultural ampla, podendo ser adequada a fam\u00edlias que buscam uma forma\u00e7\u00e3o que apoie o ingresso em universidades, tanto no Brasil quanto no exterior, por meio de uma pedagogia transdisciplinar.<\/li>\n\n\n\n<li><strong>Por que considerar em 2026? <\/strong>Com a consolida\u00e7\u00e3o de sua unidade em Santo Andr\u00e9, a Red House consolidou sua proposta de curr\u00edculo internacional acad\u00eamico, aliado a uma infraestrutura moderna e tecnol\u00f3gica, com ambientes que fogem da sala de aula tradicional e buscam estimular a criatividade (Maker Spaces).<\/li>\n<\/ul>\n\n\n\n<h4 class=\"wp-block-heading\">Contato Red House International School<\/h4>\n\n\n\n<ul class=\"wp-block-list\">\n<li><strong>Telefone:<\/strong> <a href=\"tel:11999191815\" target=\"_blank\" rel=\"noreferrer noopener nofollow\">11999191815<\/a><\/li>\n\n\n\n<li><strong>Site:<\/strong> <a href=\"https:\/\/redhouse.com.br\/unidades\/santo-andre.htm\" target=\"_blank\" rel=\"noreferrer noopener\">https:\/\/redhouses.com.br<\/a><\/li>\n\n\n\n<li><strong>Como Chegar:<\/strong> <a href=\"https:\/\/maps.app.goo.gl\/MpyjrPjUT9rZTyjN9\" target=\"_blank\" rel=\"noreferrer noopener nofollow\">R. das Goiabeiras, 737 &#8211; Jardim, Santo Andr\u00e9 &#8211; SP<\/a><\/li>\n<\/ul>\n\n\n\n<p class=\"wp-block-paragraph\"><strong>A unidade est\u00e1 localizada no Bairro Jardim, pr\u00f3xima a:<\/strong><\/p>\n\n\n\n<ul class=\"wp-block-list\">\n<li>Rua das Figueiras<\/li>\n\n\n\n<li>Av. Prestes Maia<\/li>\n\n\n\n<li>Av. Dom Pedro II<\/li>\n<\/ul>\n\n\n\n<p class=\"wp-block-paragraph\">Essa posi\u00e7\u00e3o oferece f\u00e1cil acesso para moradores do pr\u00f3prio Bairro Jardim, Vila Alpina e Campestre, permitindo deslocamentos mais curtos dentro de Santo Andr\u00e9.<\/p>\n\n\n\n<h2 class=\"wp-block-heading\">Escolas com proposta bil\u00edngue em Santo Andr\u00e9 por bairro (2026) <\/h2>\n\n\n\n<p class=\"wp-block-paragraph\">Para facilitar sua rotina, mapeamos abaixo institui\u00e7\u00f5es de ensino em Santo Andr\u00e9 que oferecem proposta bil\u00edngue. As informa\u00e7\u00f5es de contato e endere\u00e7o est\u00e3o atualizadas para que voc\u00ea possa agendar sua visita e tirar d\u00favidas diretamente com a secretaria. <\/p>\n\n\n\n<h3 class=\"wp-block-heading\">Regi\u00e3o: Vila Assun\u00e7\u00e3o e Campestre <\/h3>\n\n\n\n<ul class=\"wp-block-list\">\n<li><strong>Probei<\/strong><\/li>\n\n\n\n<li><strong>Endere\u00e7o: <\/strong>Av. Dr. Ant\u00f4nio \u00c1lvaro, 467, Vila Assun\u00e7\u00e3o, Santo Andr\u00e9\/SP. <\/li>\n\n\n\n<li><strong>Contato: <\/strong><a href=\"tel:1144273094\" target=\"_blank\" rel=\"noreferrer noopener nofollow\">(11) 4427-3094<\/a> | <a href=\"https:\/\/escolaprobei.com.br\" target=\"_blank\" rel=\"noreferrer noopener nofollow\">escolaprobei.com.br<\/a><\/li>\n<\/ul>\n\n\n\n<ul class=\"wp-block-list\">\n<li><strong>Complexo Stoquinho (Unidades 1 e 2)<\/strong><\/li>\n\n\n\n<li><strong>Endere\u00e7o:<\/strong> Rua Ot\u00e1vio Marques, 117 e 183, Vila Assun\u00e7\u00e3o, Santo Andr\u00e9\/SP. <\/li>\n\n\n\n<li><strong>Contato:<\/strong> <a href=\"tel:1144360411\" target=\"_blank\" rel=\"noreferrer noopener nofollow\">(11) 4436-0411<\/a> | <a href=\"https:\/\/stocco.com.br\/o-stocco\/complexo-stoquinho\/\" target=\"_blank\" rel=\"noreferrer noopener nofollow\">stocco.com.br\/o-stocco\/complexo-stoquinho\/<\/a><\/li>\n<\/ul>\n\n\n\n<ul class=\"wp-block-list\">\n<li><strong>Col\u00e9gio Portinari (Unidade 1)<\/strong><\/li>\n\n\n\n<li><strong>Endere\u00e7o:<\/strong> Rua Paulina Isabel de Queir\u00f3s, 446, Vila Assun\u00e7\u00e3o, Santo Andr\u00e9\/SP. <\/li>\n\n\n\n<li><strong>Contato:<\/strong> <a href=\"tel:1123241185\" target=\"_blank\" rel=\"noreferrer noopener nofollow\">(11) 2324-1185<\/a> | <a href=\"https:\/\/educaportinari.com.br\/\" target=\"_blank\" rel=\"noreferrer noopener nofollow\">educaportinari.com.br<\/a><\/li>\n<\/ul>\n\n\n\n<h3 class=\"wp-block-heading\">Regi\u00e3o: Bairro Jardim<\/h3>\n\n\n\n<ul class=\"wp-block-list\">\n<li><strong>Cycle International School<\/strong><\/li>\n\n\n\n<li><strong>Endere\u00e7o:<\/strong> Rua das Palmeiras, 308, Bairro Jardim, Santo Andr\u00e9\/SP.<\/li>\n\n\n\n<li><strong>Contato:<\/strong> <a href=\"tel:1144369695\" target=\"_blank\" rel=\"noreferrer noopener nofollow\">(11) 4436-9695<\/a> |  | <a href=\"https:\/\/cycleschool.com.br\" target=\"_blank\" rel=\"noreferrer noopener nofollow\">cycleschool.com.br<\/a><\/li>\n<\/ul>\n\n\n\n<ul class=\"wp-block-list\">\n<li><strong>Col\u00e9gio Arbos<\/strong><\/li>\n\n\n\n<li><strong>Endere\u00e7o:<\/strong> Av. Padre Anchieta, 466, Bairro Jardim, Santo Andr\u00e9\/SP.<\/li>\n\n\n\n<li><strong>Contato: WhatsApp:<\/strong> <a href=\"https:\/\/wa.me\/5511975002203\" target=\"_blank\" rel=\"noreferrer noopener nofollow\">(11) 97500-2203<\/a> | <a href=\"https:\/\/arbos.com.br\" target=\"_blank\" rel=\"noreferrer noopener nofollow\">arbos.com.br<\/a><\/li>\n<\/ul>\n\n\n\n<ul class=\"wp-block-list\">\n<li><strong>Col\u00e9gio Stocco (Unidades 3 e 4)<\/strong><\/li>\n\n\n\n<li><strong>Endere\u00e7o:<\/strong> Unidade 3 na Av. Padre Anchieta, 146 e Unidade 4 na Trav. Santo Amaro, 42.<\/li>\n\n\n\n<li><strong>Contato:<\/strong> <a href=\"tel:1144360411\" target=\"_blank\" rel=\"noreferrer noopener nofollow\">(11) 4436-0411<\/a> | <a href=\"https:\/\/stocco.com.br\" target=\"_blank\" rel=\"noreferrer noopener nofollow\">stocco.com.br<\/a><\/li>\n<\/ul>\n\n\n\n<ul class=\"wp-block-list\">\n<li><strong>Col\u00e9gio Portinari (Unidade 2)<\/strong><\/li>\n\n\n\n<li><strong>Endere\u00e7o:<\/strong> Rua Espanha, 917, Bairro Jardim, Santo Andr\u00e9\/SP (CEP 09210-010).<\/li>\n\n\n\n<li><strong>Contato:<\/strong> <a href=\"tel:1123247672\" target=\"_blank\" rel=\"noreferrer noopener nofollow\">(11) 2324-7672<\/a> | <a href=\"https:\/\/educaportinari.com.br\/\" target=\"_blank\" rel=\"noreferrer noopener nofollow\">educaportinari.com.br<\/a><\/li>\n<\/ul>\n\n\n\n<h3 class=\"wp-block-heading\">Regi\u00e3o: Jardim Santo Ant\u00f4nio<\/h3>\n\n\n\n<ul class=\"wp-block-list\">\n<li><strong>Grow Up Escola<\/strong><\/li>\n\n\n\n<li><strong>Endere\u00e7o:<\/strong> R. Jap\u00e3o, 1058, Jardim Santo Ant\u00f4nio, Santo Andr\u00e9\/SP.<\/li>\n\n\n\n<li><strong>Contato:<\/strong> <a href=\"tel:1149961437\" target=\"_blank\" rel=\"noreferrer noopener nofollow\">(11) 4996-1437<\/a> | <a href=\"https:\/\/growupescola.com.br\" target=\"_blank\" rel=\"noreferrer noopener nofollow\">growupescola.com.br<\/a><\/li>\n<\/ul>\n\n\n\n<h3 class=\"wp-block-heading\">Regi\u00e3o: Jardim Bela Vista<\/h3>\n\n\n\n<ul class=\"wp-block-list\">\n<li><strong>Sunny Side School<\/strong><\/li>\n\n\n\n<li><strong>Endere\u00e7o: <\/strong>Rua Gale\u00e3o Carvalhal, 125, Jardim Bela Vista, Santo Andr\u00e9\/SP.<\/li>\n\n\n\n<li><strong>Contato:<\/strong> <a href=\"tel:1123249725\" target=\"_blank\" rel=\"noreferrer noopener nofollow\">(11) 2324-9725<\/a> | <a href=\"https:\/\/sunnysideschool.com.br\" target=\"_blank\" rel=\"noreferrer noopener nofollow\">sunnysideschool.com.br<\/a><\/li>\n<\/ul>\n\n\n\n<h3 class=\"wp-block-heading\">Regi\u00e3o: Vila Metal\u00fargica<\/h3>\n\n\n\n<ul class=\"wp-block-list\">\n<li><strong>Col\u00e9gio Camminare<\/strong><\/li>\n\n\n\n<li><strong>Endere\u00e7o:<\/strong> R. N\u00e1poli, 712, Vila Metal\u00fargica, Santo Andr\u00e9\/SP (CEP 09220-100).<\/li>\n\n\n\n<li><strong>Contato:<\/strong> <a href=\"tel:1144635379\" target=\"_blank\" rel=\"noreferrer noopener nofollow\">(11) 4463-5379<\/a> | <a href=\"https:\/\/colegiocamminare.com.br\" target=\"_blank\" rel=\"noreferrer noopener nofollow\">colegiocamminare.com.br<\/a><\/li>\n<\/ul>\n\n\n\n<p class=\"wp-block-paragraph\">\u26a0\ufe0f <strong>Nota de Transpar\u00eancia<\/strong> <strong>BW360 Educa\u00e7\u00e3o:<\/strong> Esta lista tem car\u00e1ter informativo e re\u00fane institui\u00e7\u00f5es que declaram oferecer proposta bil\u00edngue em Santo Andr\u00e9. Como as grades curriculares e metodologias podem sofrer atualiza\u00e7\u00f5es, recomendamos sempre agendar uma visita presencial e confirmar os detalhes pedag\u00f3gicos e valores diretamente com a secretaria da escola de seu interesse.<\/p>\n\n\n\n<pre class=\"wp-block-code\"><code><strong>Escolas internacionais exigem uniformes espec\u00edficos.<\/strong> <a href=\"https:\/\/bw360.com.br\/educacao\/uniforme-escolar-em-santo-andre\/\">Veja onde comprar por escola<\/a>.<\/code><\/pre>\n\n\n\n<h2 class=\"wp-block-heading\">Diferen\u00e7a entre Escola Bil\u00edngue e Internacional<\/h2>\n\n\n\n<p class=\"wp-block-paragraph\">Antes de escolher uma escola para os filhos, \u00e9 \u00fatil entender as <strong>diferen\u00e7as entre uma escola bil\u00edngue e uma escola internacional<\/strong>.<\/p>\n\n\n\n<h3 class=\"wp-block-heading\">Caracter\u00edsticas das Escolas Bil\u00edngues:<\/h3>\n\n\n\n<ul class=\"wp-block-list\">\n<li>Curr\u00edculo Brasileiro<\/li>\n\n\n\n<li>Utilizam o ingl\u00eas como l\u00edngua de instru\u00e7\u00e3o em disciplinas da base nacional (como Ci\u00eancias e Matem\u00e1tica), unindo a flu\u00eancia ao curr\u00edculo brasileiro.<\/li>\n\n\n\n<li>Oferece aulas extras das disciplinas tamb\u00e9m em ingl\u00eas.<\/li>\n<\/ul>\n\n\n\n<h3 class=\"wp-block-heading\">Caracter\u00edsticas das escolas internacionais:<\/h3>\n\n\n\n<ul class=\"wp-block-list\">\n<li>Curr\u00edculo estrangeiro (americano ou brit\u00e2nico)<\/li>\n\n\n\n<li>Todas as disciplinas s\u00e3o lecionadas em ingl\u00eas.<\/li>\n\n\n\n<li>O calend\u00e1rio \u00e9 id\u00eantico ao do pa\u00eds de origem do curr\u00edculo. Alunos se formam com diploma estrangeiro<\/li>\n<\/ul>\n\n\n\n<h2 class=\"wp-block-heading\">Qual modelo escolher?<\/h2>\n\n\n\n<p class=\"wp-block-paragraph\">A decis\u00e3o entre escola bil\u00edngue e internacional est\u00e1 diretamente relacionada ao projeto de vida da fam\u00edlia.<\/p>\n\n\n\n<p class=\"wp-block-paragraph\">Se a pretens\u00e3o \u00e9 que o filho desenvolva flu\u00eancia em <strong>ingl\u00eas para viagens internacionais e interc\u00e2mbios<\/strong>, mas com foco no desempenho em vestibulares brasileiros (como Medicina ou Engenharia), a escola bil\u00edngue pode ser uma op\u00e7\u00e3o adequada.<\/p>\n\n\n\n<p class=\"wp-block-paragraph\">Se o objetivo \u00e9 proporcionar uma experi\u00eancia que facilite uma <strong>carreira internacional ou uma gradua\u00e7\u00e3o em universidades estrangeiras<\/strong> ap\u00f3s o ensino m\u00e9dio, a escola internacional oferece imers\u00e3o cultural e um diploma com validade internacional, o que pode ser \u00fatil para esse fim.<\/p>\n\n\n\n<h2 class=\"wp-block-heading\">Conclus\u00e3o<\/h2>\n\n\n\n<p class=\"wp-block-paragraph\">O pr\u00f3ximo passo \u00e9 definir, independentemente da modalidade escolhida (bil\u00edngue ou internacional), qual a estrutura mais adequada para o seu filho. A <strong>decis\u00e3o final deve ser tomada em fam\u00edli<\/strong>a, sempre considerando a opini\u00e3o da crian\u00e7a.<\/p>\n\n\n\n<p class=\"wp-block-paragraph\">N\u00e3o h\u00e1 uma resposta \u00fanica ou garantia de sucesso. O mais recomendado \u00e9 <strong>avaliar qual escola se adapta melhor \u00e0 rotina da fam\u00edlia e \u00e0s aspira\u00e7\u00f5es do estudante<\/strong>, buscando sempre informa\u00e7\u00f5es atualizadas diretamente com as institui\u00e7\u00f5es.<\/p>\n\n\n\n<h2 class=\"wp-block-heading\">Nota de Transpar\u00eancia<\/h2>\n\n\n\n<p class=\"wp-block-paragraph\">As institui\u00e7\u00f5es citadas operam em conformidade com as Diretrizes Curriculares Nacionais para a Educa\u00e7\u00e3o Bil\u00edngue\/Pluril\u00edngue (Parecer CNE\/CEB n\u00ba 2\/2020), de acordo com informa\u00e7\u00f5es dispon\u00edveis publicamente.<\/p>\n\n\n\n<ul class=\"wp-block-list\">\n<li><strong>Red House International School:<\/strong> Opera como Escola Internacional Bil\u00edngue, integrando o curr\u00edculo internacional (IB &#8211; International Baccalaureate) \u00e0 Base Nacional Comum Curricular (BNCC) brasileira.<\/li>\n\n\n\n<li><strong>Cycle International School <\/strong>e <strong>Maple Bear Santo Andr\u00e9<\/strong> (Unidade Campestre): Ambas s\u00e3o Escolas Bil\u00edngues, com curr\u00edculo fundamentado na BNCC e complementado por metodologias ou curr\u00edculos internacionais (Cambridge e canadense, respectivamente).<\/li>\n<\/ul>\n\n\n\n<p class=\"wp-block-paragraph\"><\/p>\n","protected":false},"excerpt":{"rendered":"<p>Como escolher a melhor escola bil\u00edngue em Santo Andr\u00e9? A escolha de uma escola bil\u00edngue envolve diferentes fatores, que variam conforme o projeto de vida da fam\u00edlia e a proposta pedag\u00f3gica de cada institui\u00e7\u00e3o. Entre os aspectos que podem ser considerados est\u00e3o: Al\u00e9m disso, \u00e9 recomendado visitar as unidades, conversar com a equipe pedag\u00f3gica e, [&hellip;]<\/p>\n","protected":false},"author":2,"featured_media":1589,"comment_status":"closed","ping_status":"closed","sticky":false,"template":"","format":"standard","meta":{"_seopress_titles_title":"Escolas Bil\u00edngues em Santo Andr\u00e9 (2026): Guia e Lista por Bairro %%sep%% %%sitetitle%%","_seopress_titles_desc":"Guia 2026 com an\u00e1lise de psicopedagogo e lista completa por bairro das escolas bil\u00edngues em Santo Andr\u00e9 (Vesper, Maple Bear, Cycle, Red House e mais).","_seopress_robots_index":"","_seopress_robots_follow":"","_seopress_robots_imageindex":"","_seopress_robots_snippet":"","_seopress_robots_primary_cat":"none","_seopress_robots_breadcrumbs":"","_seopress_robots_freeze_modified_date":"","_seopress_robots_custom_modified_date":"","_seopress_robots_canonical":"","_seopress_social_fb_title":"","_seopress_social_fb_desc":"","_seopress_social_fb_img":"https:\/\/bw360.com.br\/educacao\/wp-content\/uploads\/2026\/04\/escolas-bilingue-santo-andre.webp","_seopress_social_fb_img_attachment_id":1589,"_seopress_social_fb_img_width":1920,"_seopress_social_fb_img_height":1002,"_seopress_social_twitter_title":"","_seopress_social_twitter_desc":"","_seopress_social_twitter_img":"https:\/\/bw360.com.br\/educacao\/wp-content\/uploads\/2026\/04\/escolas-bilingue-santo-andre.webp","_seopress_social_twitter_img_attachment_id":1589,"_seopress_social_twitter_img_width":1920,"_seopress_social_twitter_img_height":1002,"_seopress_redirections_value":"","_seopress_redirections_enabled":"","_seopress_redirections_enabled_regex":"","_seopress_redirections_logged_status":"both","_seopress_redirections_param":"","_seopress_redirections_type":301,"_seopress_analysis_target_kw":"escola bil\u00edngue santo andr\u00e9,escola internacional santo andr\u00e9,cycle international school santo andr\u00e9,maple bear santo andr\u00e9,red house santo andr\u00e9,diferen\u00e7a escola bil\u00edngue e internacional","_seopress_news_disabled":"","_seopress_video_disabled":"","_seopress_video":[],"_seopress_pro_schemas_manual":[],"_seopress_pro_rich_snippets_disable_all":"","_seopress_pro_rich_snippets_disable":[],"_seopress_pro_schemas":[],"content-type":"","footnotes":""},"categories":[124],"tags":[125],"class_list":["post-1582","post","type-post","status-publish","format-standard","has-post-thumbnail","category-guia-de-escolas","tag-escola-bilingue"],"_links":{"self":[{"href":"https:\/\/bw360.com.br\/educacao\/wp-json\/wp\/v2\/posts\/1582","targetHints":{"allow":["GET"]}}],"collection":[{"href":"https:\/\/bw360.com.br\/educacao\/wp-json\/wp\/v2\/posts"}],"about":[{"href":"https:\/\/bw360.com.br\/educacao\/wp-json\/wp\/v2\/types\/post"}],"author":[{"embeddable":true,"href":"https:\/\/bw360.com.br\/educacao\/wp-json\/wp\/v2\/users\/2"}],"replies":[{"embeddable":true,"href":"https:\/\/bw360.com.br\/educacao\/wp-json\/wp\/v2\/comments?post=1582"}],"version-history":[{"count":14,"href":"https:\/\/bw360.com.br\/educacao\/wp-json\/wp\/v2\/posts\/1582\/revisions"}],"predecessor-version":[{"id":2932,"href":"https:\/\/bw360.com.br\/educacao\/wp-json\/wp\/v2\/posts\/1582\/revisions\/2932"}],"wp:featuredmedia":[{"embeddable":true,"href":"https:\/\/bw360.com.br\/educacao\/wp-json\/wp\/v2\/media\/1589"}],"wp:attachment":[{"href":"https:\/\/bw360.com.br\/educacao\/wp-json\/wp\/v2\/media?parent=1582"}],"wp:term":[{"taxonomy":"category","embeddable":true,"href":"https:\/\/bw360.com.br\/educacao\/wp-json\/wp\/v2\/categories?post=1582"},{"taxonomy":"post_tag","embeddable":true,"href":"https:\/\/bw360.com.br\/educacao\/wp-json\/wp\/v2\/tags?post=1582"}],"curies":[{"name":"wp","href":"https:\/\/api.w.org\/{rel}","templated":true}]}}