{"id":1922,"date":"2023-03-03T12:32:01","date_gmt":"2023-03-03T12:32:01","guid":{"rendered":"https:\/\/bw360.com.br\/?p=1922"},"modified":"2023-03-03T12:32:01","modified_gmt":"2023-03-03T12:32:01","slug":"a-lgpd-e-sua-empresa","status":"publish","type":"post","link":"https:\/\/bw360.com.br\/agencia\/a-lgpd-e-sua-empresa\/","title":{"rendered":"A LGPD e sua empresa: entenda como essa lei pode agregar valor ao seu site"},"content":{"rendered":"\n<p>A Lei Geral de Prote\u00e7\u00e3o de Dados (LGPD) \u00e9 uma legisla\u00e7\u00e3o que entrou em vigor em setembro de 2020 e tem como objetivo proteger os direitos fundamentais de privacidade e liberdade dos cidad\u00e3os em rela\u00e7\u00e3o ao uso de seus dados pessoais. A LGPD estabelece regras claras sobre como empresas e organiza\u00e7\u00f5es devem coletar, armazenar, processar e compartilhar informa\u00e7\u00f5es pessoais de seus clientes, colaboradores e usu\u00e1rios em geral. Al\u00e9m disso, a lei prev\u00ea san\u00e7\u00f5es e multas para aqueles que n\u00e3o cumprirem suas disposi\u00e7\u00f5es.<\/p>\n\n\n\n<p>A LGPD \u00e9 uma importante medida para garantir a privacidade e seguran\u00e7a dos dados pessoais no ambiente digital e promover uma cultura de transpar\u00eancia e respeito \u00e0 privacidade dos indiv\u00edduos. Neste contexto, \u00e9 fundamental que empresas e organiza\u00e7\u00f5es se adequem \u00e0 LGPD, garantindo a prote\u00e7\u00e3o e a privacidade dos dados de seus clientes e colaboradores.<\/p>\n\n\n\n<div id=\"ez-toc-container\" class=\"ez-toc-v2_0_82_2 ez-toc-wrap-center counter-hierarchy ez-toc-counter ez-toc-grey ez-toc-container-direction\">\n<div class=\"ez-toc-title-container\">\n<p class=\"ez-toc-title\" style=\"cursor:inherit\">\u00cdndice de conte\u00fado<\/p>\n<span class=\"ez-toc-title-toggle\"><a href=\"#\" class=\"ez-toc-pull-right ez-toc-btn ez-toc-btn-xs ez-toc-btn-default ez-toc-toggle\" aria-label=\"Alternar tabela de conte\u00fado\"><span class=\"ez-toc-js-icon-con\"><span class=\"\"><span class=\"eztoc-hide\" style=\"display:none;\">Toggle<\/span><span class=\"ez-toc-icon-toggle-span\"><svg style=\"fill: #999;color:#999\" xmlns=\"http:\/\/www.w3.org\/2000\/svg\" class=\"list-377408\" width=\"20px\" height=\"20px\" viewBox=\"0 0 24 24\" fill=\"none\"><path d=\"M6 6H4v2h2V6zm14 0H8v2h12V6zM4 11h2v2H4v-2zm16 0H8v2h12v-2zM4 16h2v2H4v-2zm16 0H8v2h12v-2z\" fill=\"currentColor\"><\/path><\/svg><svg style=\"fill: #999;color:#999\" class=\"arrow-unsorted-368013\" xmlns=\"http:\/\/www.w3.org\/2000\/svg\" width=\"10px\" height=\"10px\" viewBox=\"0 0 24 24\" version=\"1.2\" baseProfile=\"tiny\"><path d=\"M18.2 9.3l-6.2-6.3-6.2 6.3c-.2.2-.3.4-.3.7s.1.5.3.7c.2.2.4.3.7.3h11c.3 0 .5-.1.7-.3.2-.2.3-.5.3-.7s-.1-.5-.3-.7zM5.8 14.7l6.2 6.3 6.2-6.3c.2-.2.3-.5.3-.7s-.1-.5-.3-.7c-.2-.2-.4-.3-.7-.3h-11c-.3 0-.5.1-.7.3-.2.2-.3.5-.3.7s.1.5.3.7z\"\/><\/svg><\/span><\/span><\/span><\/a><\/span><\/div>\n<nav><ul class='ez-toc-list ez-toc-list-level-1 ' ><li class='ez-toc-page-1 ez-toc-heading-level-2'><a class=\"ez-toc-link ez-toc-heading-1\" href=\"https:\/\/bw360.com.br\/agencia\/a-lgpd-e-sua-empresa\/#O_que_esta_em_vigor_na_LGPD\" >O que est\u00e1 em vigor na LGPD?<\/a><\/li><li class='ez-toc-page-1 ez-toc-heading-level-2'><a class=\"ez-toc-link ez-toc-heading-2\" href=\"https:\/\/bw360.com.br\/agencia\/a-lgpd-e-sua-empresa\/#Quando_as_punicoes_da_LGPD_passam_a_valer\" >Quando as puni\u00e7\u00f5es da LGPD passam a valer?<\/a><\/li><li class='ez-toc-page-1 ez-toc-heading-level-2'><a class=\"ez-toc-link ez-toc-heading-3\" href=\"https:\/\/bw360.com.br\/agencia\/a-lgpd-e-sua-empresa\/#Quais_sao_os_dados_pessoais_sensiveis\" >Quais s\u00e3o os dados pessoais sens\u00edveis?<\/a><\/li><li class='ez-toc-page-1 ez-toc-heading-level-2'><a class=\"ez-toc-link ez-toc-heading-4\" href=\"https:\/\/bw360.com.br\/agencia\/a-lgpd-e-sua-empresa\/#Quais_dados_a_LGPD_nao_protege\" >Quais dados a LGPD n\u00e3o protege?<\/a><\/li><li class='ez-toc-page-1 ez-toc-heading-level-2'><a class=\"ez-toc-link ez-toc-heading-5\" href=\"https:\/\/bw360.com.br\/agencia\/a-lgpd-e-sua-empresa\/#O_que_uma_empresa_precisa_para_se_adequar_a_LGPD\" >O que uma empresa precisa para se adequar a LGPD?<\/a><\/li><li class='ez-toc-page-1 ez-toc-heading-level-2'><a class=\"ez-toc-link ez-toc-heading-6\" href=\"https:\/\/bw360.com.br\/agencia\/a-lgpd-e-sua-empresa\/#Quanto_custa_se_adequar_a_LGPD\" >Quanto custa se adequar a LGPD?<\/a><\/li><li class='ez-toc-page-1 ez-toc-heading-level-2'><a class=\"ez-toc-link ez-toc-heading-7\" href=\"https:\/\/bw360.com.br\/agencia\/a-lgpd-e-sua-empresa\/#Conclusao\" >Conclus\u00e3o<\/a><ul class='ez-toc-list-level-3' ><li class='ez-toc-heading-level-3'><a class=\"ez-toc-link ez-toc-heading-8\" href=\"https:\/\/bw360.com.br\/agencia\/a-lgpd-e-sua-empresa\/#Referencia\" >Refer\u00eancia<\/a><\/li><\/ul><\/li><\/ul><\/nav><\/div>\n<h2 class=\"wp-block-heading\" id=\"1\"><span class=\"ez-toc-section\" id=\"O_que_esta_em_vigor_na_LGPD\"><\/span>O que est\u00e1 em vigor na LGPD?<span class=\"ez-toc-section-end\"><\/span><\/h2>\n\n\n\n<p>A LGPD \u00e9 composta por um conjunto de normas que visam garantir a prote\u00e7\u00e3o dos dados pessoais de indiv\u00edduos. Algumas das principais disposi\u00e7\u00f5es em vigor na LGPD incluem:<\/p>\n\n\n\n<ol class=\"wp-block-list\">\n<li><strong>Consentimento expl\u00edcito:<\/strong> empresas e organiza\u00e7\u00f5es devem obter o consentimento expl\u00edcito dos titulares dos dados para coletar, armazenar, processar e compartilhar suas informa\u00e7\u00f5es pessoais.<\/li>\n\n\n\n<li><strong>Direitos dos titulares: <\/strong>os titulares dos dados t\u00eam o direito de saber quais informa\u00e7\u00f5es suas est\u00e3o sendo coletadas, para que finalidade e com quem est\u00e3o sendo compartilhadas. Eles tamb\u00e9m t\u00eam o direito de solicitar a exclus\u00e3o ou corre\u00e7\u00e3o de suas informa\u00e7\u00f5es pessoais.<\/li>\n\n\n\n<li><strong>Tratamento adequado dos dados: <\/strong>as empresas e organiza\u00e7\u00f5es devem garantir a seguran\u00e7a, confidencialidade e integridade dos dados pessoais coletados, armazenados, processados e compartilhados.<\/li>\n\n\n\n<li><strong>Responsabilidade e transpar\u00eancia: <\/strong>as empresas e organiza\u00e7\u00f5es devem ser transparentes e respons\u00e1veis pela prote\u00e7\u00e3o dos dados pessoais de seus clientes e usu\u00e1rios.<\/li>\n\n\n\n<li><strong>San\u00e7\u00f5es e multas: <\/strong>a LGPD prev\u00ea san\u00e7\u00f5es e multas para empresas e organiza\u00e7\u00f5es que n\u00e3o cumprirem suas disposi\u00e7\u00f5es. As multas podem variar de 2% do faturamento da empresa at\u00e9 o limite de R$ 50 milh\u00f5es por infra\u00e7\u00e3o.<\/li>\n<\/ol>\n\n\n\n<h2 class=\"wp-block-heading\" id=\"2\"><span class=\"ez-toc-section\" id=\"Quando_as_punicoes_da_LGPD_passam_a_valer\"><\/span>Quando as puni\u00e7\u00f5es da LGPD passam a valer?<span class=\"ez-toc-section-end\"><\/span><\/h2>\n\n\n\n<p>As puni\u00e7\u00f5es previstas na LGPD passaram a valer a partir de 1\u00ba de agosto de 2021. Isso significa que empresas e organiza\u00e7\u00f5es que n\u00e3o estiverem em conformidade com a lei e cometerem infra\u00e7\u00f5es podem ser penalizadas a partir dessa data. As puni\u00e7\u00f5es incluem advert\u00eancia, multa simples ou di\u00e1ria, publiciza\u00e7\u00e3o da infra\u00e7\u00e3o, bloqueio ou elimina\u00e7\u00e3o dos dados pessoais relacionados \u00e0 infra\u00e7\u00e3o, entre outras medidas.<\/p>\n\n\n\n<p>\u00c9 importante ressaltar que a LGPD prev\u00ea multas e san\u00e7\u00f5es proporcionais \u00e0 gravidade da infra\u00e7\u00e3o e ao porte da empresa, podendo chegar a at\u00e9 2% do faturamento da empresa, limitado a R$ 50 milh\u00f5es por infra\u00e7\u00e3o. Portanto, \u00e9 fundamental que as empresas e organiza\u00e7\u00f5es se adequem \u00e0 LGPD o quanto antes para evitar poss\u00edveis san\u00e7\u00f5es e proteger a privacidade e os direitos dos titulares de dados pessoais.<\/p>\n\n\n\n<h2 class=\"wp-block-heading\" id=\"3\"><span class=\"ez-toc-section\" id=\"Quais_sao_os_dados_pessoais_sensiveis\"><\/span>Quais s\u00e3o os dados pessoais sens\u00edveis?<span class=\"ez-toc-section-end\"><\/span><\/h2>\n\n\n\n<p>Os dados pessoais sens\u00edveis s\u00e3o informa\u00e7\u00f5es que podem ser utilizadas para discriminar ou causar danos significativos a uma pessoa. Esses dados incluem informa\u00e7\u00f5es relacionadas a:<\/p>\n\n\n\n<ol class=\"wp-block-list\">\n<li>Origem racial ou \u00e9tnica<\/li>\n\n\n\n<li>Convic\u00e7\u00f5es religiosas ou filos\u00f3ficas<\/li>\n\n\n\n<li>Opini\u00f5es pol\u00edticas<\/li>\n\n\n\n<li>Filia\u00e7\u00e3o sindical<\/li>\n\n\n\n<li>Dados gen\u00e9ticos ou biom\u00e9tricos<\/li>\n\n\n\n<li>Sa\u00fade f\u00edsica ou mental<\/li>\n\n\n\n<li>Vida sexual ou orienta\u00e7\u00e3o sexual<\/li>\n<\/ol>\n\n\n\n<p>A prote\u00e7\u00e3o desses dados \u00e9 especialmente importante porque a sua divulga\u00e7\u00e3o pode ter consequ\u00eancias graves na vida privada, profissional e social das pessoas envolvidas. Por isso, a legisla\u00e7\u00e3o em v\u00e1rios pa\u00edses estabelece medidas especiais de prote\u00e7\u00e3o para os dados pessoais sens\u00edveis.<\/p>\n\n\n\n<figure class=\"wp-block-image size-large\"><a href=\"https:\/\/lgpdy.com\" target=\"_blank\" rel=\"noreferrer noopener\"><img alt=\"\" fetchpriority=\"high\" decoding=\"async\" width=\"1024\" height=\"683\" src=\"https:\/\/bw360.com.br\/agencia\/wp-content\/uploads\/2023\/03\/lgpdy-1024x683.jpg\" alt=\"\" class=\"wp-image-1927\" srcset=\"https:\/\/bw360.com.br\/agencia\/wp-content\/uploads\/2023\/03\/lgpdy-1024x683.jpg 1024w, https:\/\/bw360.com.br\/agencia\/wp-content\/uploads\/2023\/03\/lgpdy-300x200.jpg 300w, https:\/\/bw360.com.br\/agencia\/wp-content\/uploads\/2023\/03\/lgpdy-768x512.jpg 768w, https:\/\/bw360.com.br\/agencia\/wp-content\/uploads\/2023\/03\/lgpdy.jpg 1200w\" sizes=\"(max-width: 1024px) 100vw, 1024px\" \/><\/a><\/figure>\n\n\n\n<h2 class=\"wp-block-heading\" id=\"4\"><span class=\"ez-toc-section\" id=\"Quais_dados_a_LGPD_nao_protege\"><\/span>Quais dados a LGPD n\u00e3o protege?<span class=\"ez-toc-section-end\"><\/span><\/h2>\n\n\n\n<p>A Lei Geral de Prote\u00e7\u00e3o de Dados (LGPD) protege todos os dados pessoais, incluindo informa\u00e7\u00f5es sens\u00edveis e n\u00e3o sens\u00edveis, coletadas por empresas e organiza\u00e7\u00f5es em territ\u00f3rio brasileiro. Entretanto, a LGPD prev\u00ea algumas exce\u00e7\u00f5es em que a prote\u00e7\u00e3o de dados pessoais n\u00e3o \u00e9 aplic\u00e1vel. Essas exce\u00e7\u00f5es incluem:<\/p>\n\n\n\n<ol class=\"wp-block-list\">\n<li>Dados pessoais de pessoas falecidas, que n\u00e3o est\u00e3o protegidos pela LGPD;<\/li>\n\n\n\n<li>Dados pessoais utilizados para fins exclusivamente jornal\u00edsticos, art\u00edsticos e acad\u00eamicos, desde que sejam respeitados os direitos \u00e0 informa\u00e7\u00e3o, \u00e0 privacidade e \u00e0 liberdade de express\u00e3o;<\/li>\n\n\n\n<li>Dados pessoais coletados para fins exclusivamente de seguran\u00e7a p\u00fablica, defesa nacional, seguran\u00e7a do Estado ou atividades de investiga\u00e7\u00e3o e repress\u00e3o de infra\u00e7\u00f5es penais;<\/li>\n\n\n\n<li>Dados pessoais coletados para fins exclusivamente de atividades de pesquisa, desde que garantida a privacidade dos titulares dos dados e adotadas medidas de seguran\u00e7a e anonimiza\u00e7\u00e3o.<\/li>\n<\/ol>\n\n\n\n<p>\u00c9 importante ressaltar que mesmo nas exce\u00e7\u00f5es acima mencionadas, a LGPD estabelece que os dados pessoais devem ser tratados de forma l\u00edcita, transparente e com respeito aos direitos fundamentais dos titulares dos dados. Al\u00e9m disso, a lei prev\u00ea que os titulares dos dados t\u00eam direito \u00e0 informa\u00e7\u00e3o sobre como seus dados est\u00e3o sendo tratados, podendo solicitar a exclus\u00e3o, retifica\u00e7\u00e3o ou bloqueio de dados que estejam incompletos, inexatos ou desatualizados.<\/p>\n\n\n\n<h2 class=\"wp-block-heading\" id=\"5\"><span class=\"ez-toc-section\" id=\"O_que_uma_empresa_precisa_para_se_adequar_a_LGPD\"><\/span>O que uma empresa precisa para se adequar a LGPD?<span class=\"ez-toc-section-end\"><\/span><\/h2>\n\n\n\n<p>Para se adequar \u00e0 Lei Geral de Prote\u00e7\u00e3o de Dados (LGPD), uma empresa deve seguir algumas etapas importantes, incluindo:<\/p>\n\n\n\n<ol class=\"wp-block-list\">\n<li><strong>Nomea\u00e7\u00e3o de um Encarregado de Prote\u00e7\u00e3o de Dados (DPO): <\/strong>a empresa deve nomear uma pessoa respons\u00e1vel por garantir a prote\u00e7\u00e3o dos dados pessoais e monitorar o cumprimento das obriga\u00e7\u00f5es previstas na LGPD.<\/li>\n\n\n\n<li><strong>Mapeamento de dados: <\/strong>a empresa deve identificar todos os dados pessoais que coleta, processa e armazena, al\u00e9m de analisar como esses dados s\u00e3o tratados em cada processo interno.<\/li>\n\n\n\n<li><strong>An\u00e1lise de riscos:<\/strong> a empresa deve identificar poss\u00edveis riscos de viola\u00e7\u00e3o dos dados pessoais e implementar medidas de seguran\u00e7a apropriadas para minimizar esses riscos.<\/li>\n\n\n\n<li><strong>Atualiza\u00e7\u00e3o de pol\u00edticas e procedimentos:<\/strong> a empresa deve atualizar suas pol\u00edticas e procedimentos internos para garantir que estejam em conformidade com a LGPD, incluindo pol\u00edticas de privacidade e de seguran\u00e7a da informa\u00e7\u00e3o.<\/li>\n\n\n\n<li><strong>Treinamento dos colaboradores:<\/strong> a empresa deve treinar seus colaboradores para garantir que estejam cientes das novas pol\u00edticas e procedimentos internos relacionados \u00e0 prote\u00e7\u00e3o de dados pessoais e como lidar com informa\u00e7\u00f5es sens\u00edveis.<\/li>\n\n\n\n<li><strong>Revis\u00e3o e atualiza\u00e7\u00e3o de contratos: <\/strong>a empresa deve revisar e atualizar seus contratos com fornecedores e parceiros de neg\u00f3cios para garantir que incluam cl\u00e1usulas de prote\u00e7\u00e3o de dados pessoais em conformidade com a LGPD.<\/li>\n\n\n\n<li><strong>Ado\u00e7\u00e3o de medidas de seguran\u00e7a: <\/strong>a empresa deve implementar medidas de seguran\u00e7a t\u00e9cnicas e organizacionais para proteger os dados pessoais, incluindo criptografia, autentica\u00e7\u00e3o de usu\u00e1rios e backups regulares.<\/li>\n\n\n\n<li><strong>Resposta a incidentes de seguran\u00e7a: <\/strong>a empresa deve estabelecer planos de resposta a incidentes de seguran\u00e7a para lidar com poss\u00edveis viola\u00e7\u00f5es de dados pessoais e minimizar seus impactos.<\/li>\n<\/ol>\n\n\n\n<p>Essas s\u00e3o algumas das principais etapas que uma empresa precisa seguir para se adequar \u00e0 LGPD. \u00c9 importante ressaltar que a LGPD se aplica a todas as empresas que coletam, processam e armazenam dados pessoais no Brasil, independentemente do seu tamanho ou setor de atua\u00e7\u00e3o.<\/p>\n\n\n\n<h2 class=\"wp-block-heading\" id=\"6\"><span class=\"ez-toc-section\" id=\"Quanto_custa_se_adequar_a_LGPD\"><\/span>Quanto custa se adequar a LGPD?<span class=\"ez-toc-section-end\"><\/span><\/h2>\n\n\n\n<p>O custo para se adequar \u00e0 Lei Geral de Prote\u00e7\u00e3o de Dados (LGPD) varia de acordo com v\u00e1rios fatores, como o tamanho e o tipo da empresa, a quantidade de dados pessoais coletados, a complexidade dos sistemas de informa\u00e7\u00e3o e a necessidade de contratar consultorias especializadas.<\/p>\n\n\n\n<p>Algumas das despesas que uma empresa pode enfrentar ao se adequar \u00e0 LGPD incluem:<\/p>\n\n\n\n<ol class=\"wp-block-list\">\n<li>Custos com consultorias especializadas em prote\u00e7\u00e3o de dados pessoais;<\/li>\n\n\n\n<li>Investimentos em tecnologias de seguran\u00e7a da informa\u00e7\u00e3o, como firewalls, criptografia, antiv\u00edrus e sistemas de backup;<\/li>\n\n\n\n<li>Custos com treinamentos e capacita\u00e7\u00e3o de colaboradores;<\/li>\n\n\n\n<li>Despesas com revis\u00e3o e atualiza\u00e7\u00e3o de pol\u00edticas, procedimentos e contratos;<\/li>\n\n\n\n<li>Investimentos em sistemas de gest\u00e3o de dados e informa\u00e7\u00f5es pessoais;<\/li>\n\n\n\n<li>Custos com auditorias internas e externas para avaliar a conformidade com a LGPD.<\/li>\n<\/ol>\n\n\n\n<p>\u00c9 dif\u00edcil estabelecer um valor exato para a adequa\u00e7\u00e3o \u00e0 LGPD, pois cada empresa tem suas particularidades e demandas espec\u00edficas. Entretanto, \u00e9 importante destacar que o n\u00e3o cumprimento da LGPD pode acarretar em multas significativas, que podem chegar a at\u00e9 2% do faturamento da empresa, limitado a R$ 50 milh\u00f5es por infra\u00e7\u00e3o. Por isso, \u00e9 importante que as empresas invistam em medidas de conformidade para evitar poss\u00edveis san\u00e7\u00f5es.<\/p>\n\n\n\n<h2 class=\"wp-block-heading\" id=\"7\"><span class=\"ez-toc-section\" id=\"Conclusao\"><\/span>Conclus\u00e3o<span class=\"ez-toc-section-end\"><\/span><\/h2>\n\n\n\n<p>A Lei Geral de Prote\u00e7\u00e3o de Dados (LGPD) \u00e9 uma legisla\u00e7\u00e3o que visa proteger os dados pessoais de indiv\u00edduos no Brasil, estabelecendo regras claras e rigorosas para a coleta, armazenamento, tratamento e compartilhamento desses dados. A LGPD \u00e9 importante porque assegura que as empresas respeitem a privacidade e a intimidade dos seus clientes e usu\u00e1rios, al\u00e9m de garantir que esses dados sejam utilizados apenas para fins espec\u00edficos e leg\u00edtimos.<\/p>\n\n\n\n<p>A LGPD estabelece obriga\u00e7\u00f5es para empresas que coletam, processam e armazenam dados pessoais, como a nomea\u00e7\u00e3o de um Encarregado de Prote\u00e7\u00e3o de Dados (DPO), a implementa\u00e7\u00e3o de medidas de seguran\u00e7a da informa\u00e7\u00e3o, a revis\u00e3o de pol\u00edticas e procedimentos internos e a ado\u00e7\u00e3o de planos de resposta a incidentes de seguran\u00e7a.<\/p>\n\n\n\n<p>A conformidade com a LGPD \u00e9 fundamental para proteger a reputa\u00e7\u00e3o e a credibilidade das empresas, al\u00e9m de evitar multas e outras san\u00e7\u00f5es aplic\u00e1veis em caso de viola\u00e7\u00f5es da legisla\u00e7\u00e3o. Por isso, \u00e9 importante que as empresas se adequem \u00e0 LGPD o quanto antes, investindo em medidas de prote\u00e7\u00e3o e seguran\u00e7a da informa\u00e7\u00e3o, capacita\u00e7\u00e3o de colaboradores e revis\u00e3o de processos internos. Dessa forma, as empresas poder\u00e3o atuar de forma \u00e9tica e transparente, garantindo a prote\u00e7\u00e3o dos dados pessoais de seus clientes e usu\u00e1rios.<\/p>\n\n\n\n<h3 class=\"wp-block-heading\"><span class=\"ez-toc-section\" id=\"Referencia\"><\/span>Refer\u00eancia<span class=\"ez-toc-section-end\"><\/span><\/h3>\n\n\n\n<p><a href=\"https:\/\/lgpdy.com\/pt\">https:\/\/lgpdy.com\/pt<\/a><\/p>\n","protected":false},"excerpt":{"rendered":"<p>A Lei Geral de Prote\u00e7\u00e3o de Dados (LGPD) \u00e9 uma legisla\u00e7\u00e3o que tem como objetivo proteger os direitos fundamentais de privacidade e liberdade dos cidad\u00e3os&#8230;<\/p>\n","protected":false},"author":3,"featured_media":1926,"comment_status":"closed","ping_status":"closed","sticky":false,"template":"","format":"standard","meta":{"_seopress_robots_primary_cat":"","_seopress_titles_title":"","_seopress_titles_desc":"","_seopress_robots_index":"","footnotes":""},"categories":[8],"tags":[50,51],"class_list":["post-1922","post","type-post","status-publish","format-standard","has-post-thumbnail","hentry","category-marketing-digital","tag-lei-geral-de-protecao-de-dados","tag-lgpd","entry","has-media"],"_links":{"self":[{"href":"https:\/\/bw360.com.br\/agencia\/wp-json\/wp\/v2\/posts\/1922","targetHints":{"allow":["GET"]}}],"collection":[{"href":"https:\/\/bw360.com.br\/agencia\/wp-json\/wp\/v2\/posts"}],"about":[{"href":"https:\/\/bw360.com.br\/agencia\/wp-json\/wp\/v2\/types\/post"}],"author":[{"embeddable":true,"href":"https:\/\/bw360.com.br\/agencia\/wp-json\/wp\/v2\/users\/3"}],"replies":[{"embeddable":true,"href":"https:\/\/bw360.com.br\/agencia\/wp-json\/wp\/v2\/comments?post=1922"}],"version-history":[{"count":0,"href":"https:\/\/bw360.com.br\/agencia\/wp-json\/wp\/v2\/posts\/1922\/revisions"}],"wp:featuredmedia":[{"embeddable":true,"href":"https:\/\/bw360.com.br\/agencia\/wp-json\/wp\/v2\/media\/1926"}],"wp:attachment":[{"href":"https:\/\/bw360.com.br\/agencia\/wp-json\/wp\/v2\/media?parent=1922"}],"wp:term":[{"taxonomy":"category","embeddable":true,"href":"https:\/\/bw360.com.br\/agencia\/wp-json\/wp\/v2\/categories?post=1922"},{"taxonomy":"post_tag","embeddable":true,"href":"https:\/\/bw360.com.br\/agencia\/wp-json\/wp\/v2\/tags?post=1922"}],"curies":[{"name":"wp","href":"https:\/\/api.w.org\/{rel}","templated":true}]}}